{"id":328,"date":"2026-04-15T17:24:36","date_gmt":"2026-04-15T20:24:36","guid":{"rendered":"https:\/\/www.assistenciaspservices.com.br\/blog\/2026\/04\/15\/lava-e-seca-nao-inicia-o-ciclo-o-que-pode-ser\/"},"modified":"2026-04-15T17:24:36","modified_gmt":"2026-04-15T20:24:36","slug":"lava-e-seca-nao-inicia-o-ciclo-o-que-pode-ser","status":"publish","type":"post","link":"https:\/\/www.assistenciaspservices.com.br\/blog\/2026\/04\/15\/lava-e-seca-nao-inicia-o-ciclo-o-que-pode-ser\/","title":{"rendered":"Lava e seca n\u00e3o inicia o ciclo: o que pode ser"},"content":{"rendered":"\n<p>\n    Quando a <strong>lava e seca n\u00e3o inicia o ciclo<\/strong>, o equipamento pode at\u00e9 ligar normalmente, mas n\u00e3o executa nenhuma etapa da lavagem ou secagem.<br \/>\n    Esse tipo de comportamento indica que algum sistema de seguran\u00e7a ou componente interno est\u00e1 impedindo o funcionamento completo.<br \/>\n    Identificar a causa correta \u00e9 essencial para evitar danos maiores e garantir o desempenho do equipamento.\n  <\/p>\n<h2>1. Problemas no travamento da porta<\/h2>\n<p>\n    A lava e seca possui um sistema de seguran\u00e7a que impede o in\u00edcio do ciclo caso a porta n\u00e3o esteja corretamente travada.<br \/>\n    Se o sensor n\u00e3o reconhecer o fechamento adequado, ocorre uma <strong>falha no in\u00edcio da lava e seca<\/strong>, mesmo com o painel funcionando normalmente.<br \/>\n    Esse problema pode estar relacionado a desgaste do mecanismo ou falhas el\u00e9tricas no sensor de trava.\n  <\/p>\n<h2>2. Falta de abastecimento de \u00e1gua<\/h2>\n<p>\n    Antes de iniciar o ciclo, o equipamento verifica se h\u00e1 entrada de \u00e1gua suficiente. Se houver obstru\u00e7\u00e3o na mangueira, baixa press\u00e3o ou falha na v\u00e1lvula, o sistema bloqueia o funcionamento.<br \/>\n    Esse cen\u00e1rio pode evoluir para um <strong>defeito na lava e seca<\/strong> se n\u00e3o for identificado e corrigido corretamente.\n  <\/p>\n<h2>3. Excesso ou desbalanceamento de roupas<\/h2>\n<p>\n    A sobrecarga ou m\u00e1 distribui\u00e7\u00e3o das roupas no tambor impede o in\u00edcio do ciclo por quest\u00f5es de seguran\u00e7a.<br \/>\n    Os sensores internos identificam o risco de dano ao motor e interrompem a opera\u00e7\u00e3o. Esse tipo de situa\u00e7\u00e3o \u00e9 uma causa comum de <strong>falha no in\u00edcio da lava e seca<\/strong>.\n  <\/p>\n<h2>4. Problemas na placa eletr\u00f4nica<\/h2>\n<p>\n    A placa de controle \u00e9 respons\u00e1vel por coordenar todas as etapas do funcionamento. Quando apresenta falhas, a lava e seca pode ligar normalmente, mas n\u00e3o executar comandos.<br \/>\n    Esse tipo de <strong>defeito na lava e seca<\/strong> exige diagn\u00f3stico t\u00e9cnico preciso para evitar substitui\u00e7\u00f5es desnecess\u00e1rias.\n  <\/p>\n<h2>5. Sensor de n\u00edvel de \u00e1gua com falha<\/h2>\n<p>\n    O sensor de n\u00edvel informa \u00e0 placa quando o tambor est\u00e1 pronto para iniciar o ciclo. Se esse componente estiver com defeito, o sistema interpreta que n\u00e3o h\u00e1 condi\u00e7\u00f5es ideais para funcionamento.<br \/>\n    Essa falha costuma ser identificada durante a <strong>manuten\u00e7\u00e3o de lava e seca<\/strong> especializada.\n  <\/p>\n<h2>6. Erros na programa\u00e7\u00e3o ou no painel<\/h2>\n<p>\n    Sele\u00e7\u00f5es incorretas de ciclo ou falhas tempor\u00e1rias no painel podem impedir o in\u00edcio do funcionamento.<br \/>\n    Embora menos frequente, esse fator tamb\u00e9m pode causar a impress\u00e3o de que a <strong>lava e seca n\u00e3o inicia o ciclo<\/strong>.<br \/>\n    Quando o problema \u00e9 recorrente, indica necessidade de avalia\u00e7\u00e3o t\u00e9cnica.\n  <\/p>\n<h2>Conclus\u00e3o<\/h2>\n<p>\n    Se a <strong>lava e seca n\u00e3o inicia o ciclo<\/strong>, \u00e9 fundamental identificar a causa antes de insistir no uso do equipamento. Falhas no travamento da porta, abastecimento, sensores ou placa eletr\u00f4nica est\u00e3o entre os motivos mais comuns.\n  <\/p>\n<p>\n    Para um diagn\u00f3stico seguro e preciso, o ideal \u00e9 contar com uma assist\u00eancia t\u00e9cnica especializada.<br \/>\n    A <a href=\"https:\/\/assistenciaspservices.com.br\/\" target=\"_blank\"><strong>SP Services<\/strong><\/a> oferece diagn\u00f3stico gratuito, pe\u00e7as originais e garantia de 1 ano nos servi\u00e7os, assegurando uma <strong>manuten\u00e7\u00e3o de lava e seca<\/strong> eficiente e confi\u00e1vel.\n  <\/p>\n","protected":false},"excerpt":{"rendered":"<p>Quando a lava e seca n\u00e3o inicia o ciclo, o equipamento pode at\u00e9 ligar normalmente, mas n\u00e3o executa nenhuma etapa da lavagem ou secagem. Esse tipo de comportamento indica que<\/p>\n","protected":false},"author":1,"featured_media":327,"comment_status":"open","ping_status":"open","sticky":false,"template":"","format":"standard","meta":{"footnotes":""},"categories":[1],"tags":[],"class_list":["post-328","post","type-post","status-publish","format-standard","has-post-thumbnail","hentry","category-sem-categoria"],"_links":{"self":[{"href":"https:\/\/www.assistenciaspservices.com.br\/blog\/wp-json\/wp\/v2\/posts\/328","targetHints":{"allow":["GET"]}}],"collection":[{"href":"https:\/\/www.assistenciaspservices.com.br\/blog\/wp-json\/wp\/v2\/posts"}],"about":[{"href":"https:\/\/www.assistenciaspservices.com.br\/blog\/wp-json\/wp\/v2\/types\/post"}],"author":[{"embeddable":true,"href":"https:\/\/www.assistenciaspservices.com.br\/blog\/wp-json\/wp\/v2\/users\/1"}],"replies":[{"embeddable":true,"href":"https:\/\/www.assistenciaspservices.com.br\/blog\/wp-json\/wp\/v2\/comments?post=328"}],"version-history":[{"count":0,"href":"https:\/\/www.assistenciaspservices.com.br\/blog\/wp-json\/wp\/v2\/posts\/328\/revisions"}],"wp:featuredmedia":[{"embeddable":true,"href":"https:\/\/www.assistenciaspservices.com.br\/blog\/wp-json\/wp\/v2\/media\/327"}],"wp:attachment":[{"href":"https:\/\/www.assistenciaspservices.com.br\/blog\/wp-json\/wp\/v2\/media?parent=328"}],"wp:term":[{"taxonomy":"category","embeddable":true,"href":"https:\/\/www.assistenciaspservices.com.br\/blog\/wp-json\/wp\/v2\/categories?post=328"},{"taxonomy":"post_tag","embeddable":true,"href":"https:\/\/www.assistenciaspservices.com.br\/blog\/wp-json\/wp\/v2\/tags?post=328"}],"curies":[{"name":"wp","href":"https:\/\/api.w.org\/{rel}","templated":true}]}}