{"id":332,"date":"2026-04-15T17:46:36","date_gmt":"2026-04-15T20:46:36","guid":{"rendered":"https:\/\/www.assistenciaspservices.com.br\/blog\/2026\/04\/15\/lava-e-seca-nao-aquece-a-agua-possiveis-causas\/"},"modified":"2026-04-15T17:46:36","modified_gmt":"2026-04-15T20:46:36","slug":"lava-e-seca-nao-aquece-a-agua-possiveis-causas","status":"publish","type":"post","link":"https:\/\/www.assistenciaspservices.com.br\/blog\/2026\/04\/15\/lava-e-seca-nao-aquece-a-agua-possiveis-causas\/","title":{"rendered":"Lava e seca n\u00e3o aquece a \u00e1gua: poss\u00edveis causas"},"content":{"rendered":"<p>\n    Quando a <strong>lava e seca n\u00e3o aquece a \u00e1gua<\/strong>, o desempenho da lavagem e da secagem \u00e9 diretamente impactado. A aus\u00eancia de aquecimento compromete a remo\u00e7\u00e3o de sujeiras mais dif\u00edceis, reduz a efici\u00eancia dos ciclos e pode indicar falhas em componentes essenciais do equipamento.\n  <\/p>\n<p>\n    Esse tipo de problema geralmente est\u00e1 relacionado ao sistema de aquecimento, sensores ou controle eletr\u00f4nico. Identificar corretamente a causa evita danos maiores e reduz o risco de evolu\u00e7\u00e3o para um <strong>defeito na lava e seca<\/strong> mais complexo.\n  <\/p>\n<h2>1. Falha na resist\u00eancia de aquecimento<\/h2>\n<p>\n    A resist\u00eancia \u00e9 o principal componente respons\u00e1vel por elevar a temperatura da \u00e1gua durante o ciclo. Quando apresenta desgaste, queima ou ac\u00famulo de res\u00edduos, perde a capacidade de aquecimento.\n  <\/p>\n<p>\n    Nessa situa\u00e7\u00e3o, a <strong>lava e seca n\u00e3o aquece a \u00e1gua<\/strong>, mesmo com o ciclo funcionando aparentemente de forma normal. Esse tipo de falha \u00e9 uma das causas mais frequentes de <strong>problema no aquecimento da lava e seca<\/strong> e geralmente exige substitui\u00e7\u00e3o da pe\u00e7a.\n  <\/p>\n<h2>2. Sensor de temperatura com leitura incorreta<\/h2>\n<p>\n    O sensor t\u00e9rmico monitora a temperatura interna e envia informa\u00e7\u00f5es para a placa eletr\u00f4nica. Se esse sensor apresentar falha, a m\u00e1quina pode interpretar que a \u00e1gua j\u00e1 est\u00e1 aquecida, interrompendo o processo antes do tempo necess\u00e1rio.\n  <\/p>\n<p>\n    Esse comportamento impede o aquecimento real e mant\u00e9m o equipamento operando com desempenho reduzido. Esse tipo de inconsist\u00eancia \u00e9 comum em casos de <strong>defeito na lava e seca<\/strong> relacionado a componentes eletr\u00f4nicos.\n  <\/p>\n<h2>3. Problemas na placa eletr\u00f4nica<\/h2>\n<p>\n    A placa de controle \u00e9 respons\u00e1vel por gerenciar o funcionamento da resist\u00eancia e todo o sistema de aquecimento. Quando h\u00e1 falhas nesse componente, o comando de aquecimento pode n\u00e3o ser enviado corretamente.\n  <\/p>\n<p>\n    Nesse cen\u00e1rio, a <strong>lava e seca n\u00e3o aquece a \u00e1gua<\/strong> mesmo que a resist\u00eancia esteja em boas condi\u00e7\u00f5es. Esse tipo de <strong>problema no aquecimento da lava e seca<\/strong> exige diagn\u00f3stico t\u00e9cnico detalhado, pois envolve circuitos eletr\u00f4nicos sens\u00edveis.\n  <\/p>\n<h2>4. Ac\u00famulo de res\u00edduos na resist\u00eancia<\/h2>\n<p>\n    Com o tempo, minerais presentes na \u00e1gua e res\u00edduos de sab\u00e3o podem se depositar sobre a resist\u00eancia. Esse ac\u00famulo cria uma barreira que reduz a transfer\u00eancia de calor, prejudicando o aquecimento.\n  <\/p>\n<p>\n    Al\u00e9m de comprometer o desempenho, esse fator aumenta o consumo de energia e acelera o desgaste do componente. A limpeza peri\u00f3dica e a <strong>manuten\u00e7\u00e3o de lava e seca<\/strong> preventiva ajudam a evitar esse tipo de problema.\n  <\/p>\n<h2>5. Programa\u00e7\u00e3o incorreta do ciclo<\/h2>\n<p>\n    Nem todos os ciclos utilizam aquecimento de \u00e1gua. Alguns programas s\u00e3o projetados para operar exclusivamente com \u00e1gua fria, especialmente em lavagens r\u00e1pidas ou de roupas delicadas.\n  <\/p>\n<p>\n    Nesses casos, pode haver a impress\u00e3o de que a <strong>lava e seca n\u00e3o aquece a \u00e1gua<\/strong>, quando na verdade o comportamento est\u00e1 dentro do esperado. A an\u00e1lise do programa selecionado \u00e9 essencial antes de considerar a exist\u00eancia de falha t\u00e9cnica.\n  <\/p>\n<h2>6. Falhas no sistema el\u00e9trico ou alimenta\u00e7\u00e3o<\/h2>\n<p>\n    Oscila\u00e7\u00f5es de energia, conex\u00f5es inadequadas ou falhas na alimenta\u00e7\u00e3o el\u00e9trica podem comprometer o funcionamento da resist\u00eancia. Como o aquecimento exige maior carga el\u00e9trica, qualquer instabilidade pode impedir essa etapa do ciclo.\n  <\/p>\n<p>\n    Esse tipo de situa\u00e7\u00e3o pode evoluir para um <strong>defeito na lava e seca<\/strong>, principalmente em componentes eletr\u00f4nicos e na pr\u00f3pria resist\u00eancia.\n  <\/p>\n<h2>7. Impactos no desempenho da lavagem e secagem<\/h2>\n<p>\n    Quando a <strong>lava e seca n\u00e3o aquece a \u00e1gua<\/strong>, os efeitos s\u00e3o percebidos em diferentes etapas do ciclo:\n  <\/p>\n<ul>\n<li>Redu\u00e7\u00e3o na remo\u00e7\u00e3o de sujeiras mais pesadas<\/li>\n<li>Inefici\u00eancia na elimina\u00e7\u00e3o de gordura e res\u00edduos<\/li>\n<li>Secagem menos eficiente<\/li>\n<li>Aumento do tempo de ciclo<\/li>\n<li>Poss\u00edvel presen\u00e7a de odores nas roupas<\/li>\n<\/ul>\n<p>\n    Esses impactos indicam que o sistema n\u00e3o est\u00e1 operando em sua capacidade ideal, exigindo avalia\u00e7\u00e3o t\u00e9cnica.\n  <\/p>\n<h2>Conclus\u00e3o<\/h2>\n<p>\n    A falha em que a <strong>lava e seca n\u00e3o aquece a \u00e1gua<\/strong> pode estar relacionada \u00e0 resist\u00eancia, sensores, placa eletr\u00f4nica ou at\u00e9 \u00e0 configura\u00e7\u00e3o do ciclo. Identificar corretamente a causa \u00e9 essencial para evitar danos maiores e garantir o funcionamento eficiente do equipamento.\n  <\/p>\n<p>\n    Ignorar esse problema pode levar ao agravamento do sistema e aumentar o custo de reparo, evoluindo para um <strong>defeito na lava e seca<\/strong> mais complexo.\n  <\/p>\n<p>\n    A <a href=\"https:\/\/assistenciaspservices.com.br\/\" target=\"_blank\"><strong>SP Services<\/strong><\/a> oferece diagn\u00f3stico gratuito, utiliza pe\u00e7as originais e garante 1 ano nos servi\u00e7os, assegurando uma <strong>manuten\u00e7\u00e3o de lava e seca<\/strong> completa, t\u00e9cnica e confi\u00e1vel.\n  <\/p>\n","protected":false},"excerpt":{"rendered":"<p>Quando a lava e seca n\u00e3o aquece a \u00e1gua, o desempenho da lavagem e da secagem \u00e9 diretamente impactado. A aus\u00eancia de aquecimento compromete a remo\u00e7\u00e3o de sujeiras mais dif\u00edceis,<\/p>\n","protected":false},"author":1,"featured_media":331,"comment_status":"open","ping_status":"open","sticky":false,"template":"","format":"standard","meta":{"footnotes":""},"categories":[1],"tags":[],"class_list":["post-332","post","type-post","status-publish","format-standard","has-post-thumbnail","hentry","category-sem-categoria"],"_links":{"self":[{"href":"https:\/\/www.assistenciaspservices.com.br\/blog\/wp-json\/wp\/v2\/posts\/332","targetHints":{"allow":["GET"]}}],"collection":[{"href":"https:\/\/www.assistenciaspservices.com.br\/blog\/wp-json\/wp\/v2\/posts"}],"about":[{"href":"https:\/\/www.assistenciaspservices.com.br\/blog\/wp-json\/wp\/v2\/types\/post"}],"author":[{"embeddable":true,"href":"https:\/\/www.assistenciaspservices.com.br\/blog\/wp-json\/wp\/v2\/users\/1"}],"replies":[{"embeddable":true,"href":"https:\/\/www.assistenciaspservices.com.br\/blog\/wp-json\/wp\/v2\/comments?post=332"}],"version-history":[{"count":0,"href":"https:\/\/www.assistenciaspservices.com.br\/blog\/wp-json\/wp\/v2\/posts\/332\/revisions"}],"wp:featuredmedia":[{"embeddable":true,"href":"https:\/\/www.assistenciaspservices.com.br\/blog\/wp-json\/wp\/v2\/media\/331"}],"wp:attachment":[{"href":"https:\/\/www.assistenciaspservices.com.br\/blog\/wp-json\/wp\/v2\/media?parent=332"}],"wp:term":[{"taxonomy":"category","embeddable":true,"href":"https:\/\/www.assistenciaspservices.com.br\/blog\/wp-json\/wp\/v2\/categories?post=332"},{"taxonomy":"post_tag","embeddable":true,"href":"https:\/\/www.assistenciaspservices.com.br\/blog\/wp-json\/wp\/v2\/tags?post=332"}],"curies":[{"name":"wp","href":"https:\/\/api.w.org\/{rel}","templated":true}]}}